{"id":3181,"date":"2017-03-19T08:48:48","date_gmt":"2017-03-19T08:48:48","guid":{"rendered":"https:\/\/fundaciograduatssocials.com\/2017\/03\/19\/exit-i-repeticio-del-curs-beneficis-en-la-contractacio\/"},"modified":"2017-03-19T08:48:48","modified_gmt":"2017-03-19T08:48:48","slug":"exit-i-repeticio-del-curs-beneficis-en-la-contractacio","status":"publish","type":"post","link":"https:\/\/fundaciograduatssocials.com\/ca\/2017\/03\/19\/exit-i-repeticio-del-curs-beneficis-en-la-contractacio\/","title":{"rendered":"\u00c8XIT I REPETICI\u00d3 DEL CURS &#8220;BENEFICIS EN LA CONTRACTACI\u00d3&#8221;"},"content":{"rendered":"<p>Impartit per Mar\u00eda Jes\u00fas Espinosa Freire, directora de l&#8217;Administraci\u00f3 1 de la Tresoreria General de la Seguretat Social dels Illes Balears (TGSS), i Felipe Bravo Gonz\u00e1lez, cap de secci\u00f3 de SAT de la TGSS, aquesta segona edici\u00f3 va comptar novament amb un aforament complet.<\/p>\n<p>Un curs de tall pr\u00e0ctic que va resoldre els dubtes plantejats en l&#8217;aplicaci\u00f3 de les bonificacions en el r\u00e8gim general i en el r\u00e8gim especial de treballadors aut\u00f2noms.<\/p>\n<p>13-03-2017<\/p>\n","protected":false},"excerpt":{"rendered":"<p>Impartit per Mar\u00eda Jes\u00fas Espinosa Freire, directora de l&#8217;Administraci\u00f3 1 de la Tresoreria General de la Seguretat Social dels Illes Balears (TGSS), i Felipe Bravo Gonz\u00e1lez, cap de secci\u00f3 de SAT de la TGSS, aquesta segona edici\u00f3 va comptar novament amb un aforament complet. Un curs de tall pr\u00e0ctic que va resoldre els dubtes plantejats [&hellip;]<\/p>\n","protected":false},"author":2,"featured_media":3036,"comment_status":"open","ping_status":"open","sticky":false,"template":"","format":"standard","meta":{"footnotes":""},"categories":[20],"tags":[],"class_list":["post-3181","post","type-post","status-publish","format-standard","has-post-thumbnail","hentry","category-noticies-fundacio"],"_links":{"self":[{"href":"https:\/\/fundaciograduatssocials.com\/ca\/wp-json\/wp\/v2\/posts\/3181","targetHints":{"allow":["GET"]}}],"collection":[{"href":"https:\/\/fundaciograduatssocials.com\/ca\/wp-json\/wp\/v2\/posts"}],"about":[{"href":"https:\/\/fundaciograduatssocials.com\/ca\/wp-json\/wp\/v2\/types\/post"}],"author":[{"embeddable":true,"href":"https:\/\/fundaciograduatssocials.com\/ca\/wp-json\/wp\/v2\/users\/2"}],"replies":[{"embeddable":true,"href":"https:\/\/fundaciograduatssocials.com\/ca\/wp-json\/wp\/v2\/comments?post=3181"}],"version-history":[{"count":0,"href":"https:\/\/fundaciograduatssocials.com\/ca\/wp-json\/wp\/v2\/posts\/3181\/revisions"}],"wp:featuredmedia":[{"embeddable":true,"href":"https:\/\/fundaciograduatssocials.com\/ca\/wp-json\/wp\/v2\/media\/3036"}],"wp:attachment":[{"href":"https:\/\/fundaciograduatssocials.com\/ca\/wp-json\/wp\/v2\/media?parent=3181"}],"wp:term":[{"taxonomy":"category","embeddable":true,"href":"https:\/\/fundaciograduatssocials.com\/ca\/wp-json\/wp\/v2\/categories?post=3181"},{"taxonomy":"post_tag","embeddable":true,"href":"https:\/\/fundaciograduatssocials.com\/ca\/wp-json\/wp\/v2\/tags?post=3181"}],"curies":[{"name":"wp","href":"https:\/\/api.w.org\/{rel}","templated":true}]}}