{"id":3182,"date":"2017-03-08T07:47:33","date_gmt":"2017-03-08T07:47:33","guid":{"rendered":"https:\/\/fundaciograduatssocials.com\/2017\/03\/08\/taula-rodona-entorn-de-la-negociacio-col%c2%b7lectiva\/"},"modified":"2017-03-08T07:47:33","modified_gmt":"2017-03-08T07:47:33","slug":"taula-rodona-entorn-de-la-negociacio-col%c2%b7lectiva","status":"publish","type":"post","link":"https:\/\/fundaciograduatssocials.com\/ca\/2017\/03\/08\/taula-rodona-entorn-de-la-negociacio-col%c2%b7lectiva\/","title":{"rendered":"TAULA RODONA ENTORN DE LA NEGOCIACI\u00d3 COL\u00b7LECTIVA"},"content":{"rendered":"<p>Un elenc de destacats professionals en l&#8217;\u00e0mbit de la negociaci\u00f3 col\u00b7lectiva, mediaci\u00f3 i l&#8217;arbitratge laboral aporten reflexions sobre la seva funci\u00f3 com a agents que poden facilitar major efic\u00e0cia en la gesti\u00f3 de les Relacions Laborals.<\/p>\n<p><!--more--><\/p>\n<p>La taula rodona presentada por la Sra. Apol\u00b7l\u00f2nia Juli\u00e0 i moderada pel Sr. Erik Monreal Bringsvaerd, President de la Comissi\u00f3 Consultiva de Convenis Col\u00b7lectius de les Illes Balears i Professor Titular de Dret del Treball i de la Seguretat Social de la UIB, \u00a0va comptar amb els participants seg\u00fcents:<br \/>\nSra. Carmen Diaz de la Jara, Secret\u00e0ria d&#8217;Acci\u00f3 Sindical de la CS de CCOO de les Illes Balears<br \/>\nSr. Jos\u00e9 Garc\u00eda Relucio, Secretari d&#8217;Acci\u00f3 Sindical d&#8217;UGT de les Illes Balears<br \/>\nSr. Sergio Bertr\u00e1n Dami\u00e1n, President de la Fundaci\u00f3 TAMIB i secretari general de la Caeb<br \/>\nSr. Jordi Mora Vallbona, President de la PIMEM<br \/>\nSr. Lorenzo Tur Gil, Graduat Social<\/p>\n<p>7 de marzo de 2017<\/p>\n","protected":false},"excerpt":{"rendered":"<p>Un elenc de destacats professionals en l&#8217;\u00e0mbit de la negociaci\u00f3 col\u00b7lectiva, mediaci\u00f3 i l&#8217;arbitratge laboral aporten reflexions sobre la seva funci\u00f3 com a agents que poden facilitar major efic\u00e0cia en la gesti\u00f3 de les Relacions Laborals.<\/p>\n","protected":false},"author":2,"featured_media":3037,"comment_status":"open","ping_status":"open","sticky":false,"template":"","format":"standard","meta":{"footnotes":""},"categories":[20],"tags":[],"class_list":["post-3182","post","type-post","status-publish","format-standard","has-post-thumbnail","hentry","category-noticies-fundacio"],"_links":{"self":[{"href":"https:\/\/fundaciograduatssocials.com\/ca\/wp-json\/wp\/v2\/posts\/3182","targetHints":{"allow":["GET"]}}],"collection":[{"href":"https:\/\/fundaciograduatssocials.com\/ca\/wp-json\/wp\/v2\/posts"}],"about":[{"href":"https:\/\/fundaciograduatssocials.com\/ca\/wp-json\/wp\/v2\/types\/post"}],"author":[{"embeddable":true,"href":"https:\/\/fundaciograduatssocials.com\/ca\/wp-json\/wp\/v2\/users\/2"}],"replies":[{"embeddable":true,"href":"https:\/\/fundaciograduatssocials.com\/ca\/wp-json\/wp\/v2\/comments?post=3182"}],"version-history":[{"count":0,"href":"https:\/\/fundaciograduatssocials.com\/ca\/wp-json\/wp\/v2\/posts\/3182\/revisions"}],"wp:featuredmedia":[{"embeddable":true,"href":"https:\/\/fundaciograduatssocials.com\/ca\/wp-json\/wp\/v2\/media\/3037"}],"wp:attachment":[{"href":"https:\/\/fundaciograduatssocials.com\/ca\/wp-json\/wp\/v2\/media?parent=3182"}],"wp:term":[{"taxonomy":"category","embeddable":true,"href":"https:\/\/fundaciograduatssocials.com\/ca\/wp-json\/wp\/v2\/categories?post=3182"},{"taxonomy":"post_tag","embeddable":true,"href":"https:\/\/fundaciograduatssocials.com\/ca\/wp-json\/wp\/v2\/tags?post=3182"}],"curies":[{"name":"wp","href":"https:\/\/api.w.org\/{rel}","templated":true}]}}