{"id":3183,"date":"2017-03-08T07:29:31","date_gmt":"2017-03-08T07:29:31","guid":{"rendered":"https:\/\/fundaciograduatssocials.com\/2017\/03\/08\/beneficis-a-la-contractacio\/"},"modified":"2017-03-08T07:29:31","modified_gmt":"2017-03-08T07:29:31","slug":"beneficis-a-la-contractacio","status":"publish","type":"post","link":"https:\/\/fundaciograduatssocials.com\/ca\/2017\/03\/08\/beneficis-a-la-contractacio\/","title":{"rendered":"BENEFICIS A LA CONTRACTACI\u00d3"},"content":{"rendered":"<p>Diferents col\u00b7lectius de professionals van assistir al curs impartit per Mar\u00eda Jes\u00fas Espinosa Freire, directora de l&#8217;Administraci\u00f3 1 de la Tresoreria General de la Seguretat Social de les Illes Balears, i Felipe Bravo Gonz\u00e1lez, cap de secci\u00f3 de SAT de la Tresoreria General de la Seguretat social<\/p>\n<p>Un curs de tall pr\u00e0ctic on es van resoldre dubtes sobre les bonificacions i reduccions a la contratacion laboral.<\/p>\n","protected":false},"excerpt":{"rendered":"<p>Diferents col\u00b7lectius de professionals van assistir al curs impartit per Mar\u00eda Jes\u00fas Espinosa Freire, directora de l&#8217;Administraci\u00f3 1 de la Tresoreria General de la Seguretat Social de les Illes Balears, i Felipe Bravo Gonz\u00e1lez, cap de secci\u00f3 de SAT de la Tresoreria General de la Seguretat social Un curs de tall pr\u00e0ctic on es van [&hellip;]<\/p>\n","protected":false},"author":2,"featured_media":3038,"comment_status":"open","ping_status":"open","sticky":false,"template":"","format":"standard","meta":{"footnotes":""},"categories":[20],"tags":[],"class_list":["post-3183","post","type-post","status-publish","format-standard","has-post-thumbnail","hentry","category-noticies-fundacio"],"_links":{"self":[{"href":"https:\/\/fundaciograduatssocials.com\/ca\/wp-json\/wp\/v2\/posts\/3183","targetHints":{"allow":["GET"]}}],"collection":[{"href":"https:\/\/fundaciograduatssocials.com\/ca\/wp-json\/wp\/v2\/posts"}],"about":[{"href":"https:\/\/fundaciograduatssocials.com\/ca\/wp-json\/wp\/v2\/types\/post"}],"author":[{"embeddable":true,"href":"https:\/\/fundaciograduatssocials.com\/ca\/wp-json\/wp\/v2\/users\/2"}],"replies":[{"embeddable":true,"href":"https:\/\/fundaciograduatssocials.com\/ca\/wp-json\/wp\/v2\/comments?post=3183"}],"version-history":[{"count":0,"href":"https:\/\/fundaciograduatssocials.com\/ca\/wp-json\/wp\/v2\/posts\/3183\/revisions"}],"wp:featuredmedia":[{"embeddable":true,"href":"https:\/\/fundaciograduatssocials.com\/ca\/wp-json\/wp\/v2\/media\/3038"}],"wp:attachment":[{"href":"https:\/\/fundaciograduatssocials.com\/ca\/wp-json\/wp\/v2\/media?parent=3183"}],"wp:term":[{"taxonomy":"category","embeddable":true,"href":"https:\/\/fundaciograduatssocials.com\/ca\/wp-json\/wp\/v2\/categories?post=3183"},{"taxonomy":"post_tag","embeddable":true,"href":"https:\/\/fundaciograduatssocials.com\/ca\/wp-json\/wp\/v2\/tags?post=3183"}],"curies":[{"name":"wp","href":"https:\/\/api.w.org\/{rel}","templated":true}]}}