{"id":3184,"date":"2017-03-01T10:29:57","date_gmt":"2017-03-01T10:29:57","guid":{"rendered":"https:\/\/fundaciograduatssocials.com\/2017\/03\/01\/la-creacio-de-dos-jutjats-mes-a-palma-es-una-prioritat-i-una-necessitats-social-urgent\/"},"modified":"2017-03-01T10:29:57","modified_gmt":"2017-03-01T10:29:57","slug":"la-creacio-de-dos-jutjats-mes-a-palma-es-una-prioritat-i-una-necessitats-social-urgent","status":"publish","type":"post","link":"https:\/\/fundaciograduatssocials.com\/ca\/2017\/03\/01\/la-creacio-de-dos-jutjats-mes-a-palma-es-una-prioritat-i-una-necessitats-social-urgent\/","title":{"rendered":"La creaci\u00f3 de dos jutjats m\u00e9s a Palma \u00e9s una prioritat i una necessitats social urgent"},"content":{"rendered":"<p><span id=\"result_box\" class=\"\" lang=\"ca\">Entrevista de la presidenta de la Fundaci\u00f3 de\u00a0<span class=\"\">Graduats Socials<\/span>\u00a0Diari de Mallora 25 febrer 2017<\/span><\/p>\n","protected":false},"excerpt":{"rendered":"<p>Entrevista de la presidenta de la Fundaci\u00f3 de\u00a0Graduats Socials\u00a0Diari de Mallora 25 febrer 2017<\/p>\n","protected":false},"author":2,"featured_media":3039,"comment_status":"open","ping_status":"open","sticky":false,"template":"","format":"standard","meta":{"footnotes":""},"categories":[20],"tags":[],"class_list":["post-3184","post","type-post","status-publish","format-standard","has-post-thumbnail","hentry","category-noticies-fundacio"],"_links":{"self":[{"href":"https:\/\/fundaciograduatssocials.com\/ca\/wp-json\/wp\/v2\/posts\/3184","targetHints":{"allow":["GET"]}}],"collection":[{"href":"https:\/\/fundaciograduatssocials.com\/ca\/wp-json\/wp\/v2\/posts"}],"about":[{"href":"https:\/\/fundaciograduatssocials.com\/ca\/wp-json\/wp\/v2\/types\/post"}],"author":[{"embeddable":true,"href":"https:\/\/fundaciograduatssocials.com\/ca\/wp-json\/wp\/v2\/users\/2"}],"replies":[{"embeddable":true,"href":"https:\/\/fundaciograduatssocials.com\/ca\/wp-json\/wp\/v2\/comments?post=3184"}],"version-history":[{"count":0,"href":"https:\/\/fundaciograduatssocials.com\/ca\/wp-json\/wp\/v2\/posts\/3184\/revisions"}],"wp:featuredmedia":[{"embeddable":true,"href":"https:\/\/fundaciograduatssocials.com\/ca\/wp-json\/wp\/v2\/media\/3039"}],"wp:attachment":[{"href":"https:\/\/fundaciograduatssocials.com\/ca\/wp-json\/wp\/v2\/media?parent=3184"}],"wp:term":[{"taxonomy":"category","embeddable":true,"href":"https:\/\/fundaciograduatssocials.com\/ca\/wp-json\/wp\/v2\/categories?post=3184"},{"taxonomy":"post_tag","embeddable":true,"href":"https:\/\/fundaciograduatssocials.com\/ca\/wp-json\/wp\/v2\/tags?post=3184"}],"curies":[{"name":"wp","href":"https:\/\/api.w.org\/{rel}","templated":true}]}}