{"id":3186,"date":"2017-02-22T18:22:03","date_gmt":"2017-02-22T18:22:03","guid":{"rendered":"https:\/\/fundaciograduatssocials.com\/2017\/02\/22\/pagament-unic-mecanisme-dimpuls-a-lautoocupacio\/"},"modified":"2017-02-22T18:22:03","modified_gmt":"2017-02-22T18:22:03","slug":"pagament-unic-mecanisme-dimpuls-a-lautoocupacio","status":"publish","type":"post","link":"https:\/\/fundaciograduatssocials.com\/ca\/2017\/02\/22\/pagament-unic-mecanisme-dimpuls-a-lautoocupacio\/","title":{"rendered":"Pagament \u00fanic mecanisme d&#8217;impuls a l&#8217;autoocupaci\u00f3"},"content":{"rendered":"<p><span class=\"\">El curs<\/span>\u00a0<span class=\"\">&#8220;<\/span><span class=\"\">El pagament<\/span>\u00a0\u00fanic de la prestaci\u00f3\u00a0<span class=\"\">per desocupaci\u00f3&#8221;<\/span>\u00a0impartit per Francisca Garreta, cap d&#8217;\u00c0rea de Prestacions de l&#8217;Oficina d&#8217;Ocupaci\u00f3 Mateu Enric Llad\u00f3,\u00a0<span class=\"\">finalitza<\/span>\u00a0el cicle de les Jornades sobre les gestions\u00a0<span class=\"\">del SEPE<\/span>.<br \/>\n21 febrer 2017<\/p>\n","protected":false},"excerpt":{"rendered":"<p>El curs\u00a0&#8220;El pagament\u00a0\u00fanic de la prestaci\u00f3\u00a0per desocupaci\u00f3&#8221;\u00a0impartit per Francisca Garreta, cap d&#8217;\u00c0rea de Prestacions de l&#8217;Oficina d&#8217;Ocupaci\u00f3 Mateu Enric Llad\u00f3,\u00a0finalitza\u00a0el cicle de les Jornades sobre les gestions\u00a0del SEPE. 21 febrer 2017<\/p>\n","protected":false},"author":2,"featured_media":3040,"comment_status":"open","ping_status":"open","sticky":false,"template":"","format":"standard","meta":{"footnotes":""},"categories":[20],"tags":[],"class_list":["post-3186","post","type-post","status-publish","format-standard","has-post-thumbnail","hentry","category-noticies-fundacio"],"_links":{"self":[{"href":"https:\/\/fundaciograduatssocials.com\/ca\/wp-json\/wp\/v2\/posts\/3186","targetHints":{"allow":["GET"]}}],"collection":[{"href":"https:\/\/fundaciograduatssocials.com\/ca\/wp-json\/wp\/v2\/posts"}],"about":[{"href":"https:\/\/fundaciograduatssocials.com\/ca\/wp-json\/wp\/v2\/types\/post"}],"author":[{"embeddable":true,"href":"https:\/\/fundaciograduatssocials.com\/ca\/wp-json\/wp\/v2\/users\/2"}],"replies":[{"embeddable":true,"href":"https:\/\/fundaciograduatssocials.com\/ca\/wp-json\/wp\/v2\/comments?post=3186"}],"version-history":[{"count":0,"href":"https:\/\/fundaciograduatssocials.com\/ca\/wp-json\/wp\/v2\/posts\/3186\/revisions"}],"wp:featuredmedia":[{"embeddable":true,"href":"https:\/\/fundaciograduatssocials.com\/ca\/wp-json\/wp\/v2\/media\/3040"}],"wp:attachment":[{"href":"https:\/\/fundaciograduatssocials.com\/ca\/wp-json\/wp\/v2\/media?parent=3186"}],"wp:term":[{"taxonomy":"category","embeddable":true,"href":"https:\/\/fundaciograduatssocials.com\/ca\/wp-json\/wp\/v2\/categories?post=3186"},{"taxonomy":"post_tag","embeddable":true,"href":"https:\/\/fundaciograduatssocials.com\/ca\/wp-json\/wp\/v2\/tags?post=3186"}],"curies":[{"name":"wp","href":"https:\/\/api.w.org\/{rel}","templated":true}]}}