{"id":3189,"date":"2017-02-07T19:23:25","date_gmt":"2017-02-07T19:23:25","guid":{"rendered":"https:\/\/fundaciograduatssocials.com\/2017\/02\/07\/amb-que-es-compatible-cobrar-latur-o-un-subsidi\/"},"modified":"2017-02-07T19:23:25","modified_gmt":"2017-02-07T19:23:25","slug":"amb-que-es-compatible-cobrar-latur-o-un-subsidi","status":"publish","type":"post","link":"https:\/\/fundaciograduatssocials.com\/ca\/2017\/02\/07\/amb-que-es-compatible-cobrar-latur-o-un-subsidi\/","title":{"rendered":"Amb que \u00e9s compatible cobrar l&#8217;atur o un subsidi?"},"content":{"rendered":"<p><span id=\"result_box\" class=\"\" lang=\"ca\"><span class=\"\">Aforament<\/span>\u00a0complet i \u00e8xit rotund del primer curs de<span class=\"\">\u00a0les<\/span>\u00a0Jornades sobre gestions del Servei Estatal d&#8217;Ocupaci\u00f3. La presentaci\u00f3 oficial de les Jornades va anar a c\u00e0rrec de la Directora del SEPE, Sonia Barranco juntament amb Apol\u00b7l\u00f2nia M. Juli\u00e0, Presidenta de la Fundaci\u00f3 de Graduats Socials.<\/span><\/p>\n<p>Joana Maria Rossell\u00f3, responsable de l&#8217;Oficina del Servei Virtual del SEPE va ser l&#8217;encarregada d&#8217;impartir el curs sobre compatibilitats i incompatibilitats amb les Prestacions per Atur i els Subsidis. Es va analitzar totes aquelles situacions excepcionals en les que mentre es cobra l&#8217;atur \u00e9s possible seguir treballant, fer-se aut\u00f2nom, jubilar-se, rebre pensions, realitzar pr\u00e0ctiques, etc.<\/p>\n<p>7 febrer 2017<\/p>\n","protected":false},"excerpt":{"rendered":"<p>Aforament\u00a0complet i \u00e8xit rotund del primer curs de\u00a0les\u00a0Jornades sobre gestions del Servei Estatal d&#8217;Ocupaci\u00f3. La presentaci\u00f3 oficial de les Jornades va anar a c\u00e0rrec de la Directora del SEPE, Sonia Barranco juntament amb Apol\u00b7l\u00f2nia M. Juli\u00e0, Presidenta de la Fundaci\u00f3 de Graduats Socials. Joana Maria Rossell\u00f3, responsable de l&#8217;Oficina del Servei Virtual del SEPE va [&hellip;]<\/p>\n","protected":false},"author":2,"featured_media":3043,"comment_status":"open","ping_status":"open","sticky":false,"template":"","format":"standard","meta":{"footnotes":""},"categories":[20],"tags":[],"class_list":["post-3189","post","type-post","status-publish","format-standard","has-post-thumbnail","hentry","category-noticies-fundacio"],"_links":{"self":[{"href":"https:\/\/fundaciograduatssocials.com\/ca\/wp-json\/wp\/v2\/posts\/3189","targetHints":{"allow":["GET"]}}],"collection":[{"href":"https:\/\/fundaciograduatssocials.com\/ca\/wp-json\/wp\/v2\/posts"}],"about":[{"href":"https:\/\/fundaciograduatssocials.com\/ca\/wp-json\/wp\/v2\/types\/post"}],"author":[{"embeddable":true,"href":"https:\/\/fundaciograduatssocials.com\/ca\/wp-json\/wp\/v2\/users\/2"}],"replies":[{"embeddable":true,"href":"https:\/\/fundaciograduatssocials.com\/ca\/wp-json\/wp\/v2\/comments?post=3189"}],"version-history":[{"count":0,"href":"https:\/\/fundaciograduatssocials.com\/ca\/wp-json\/wp\/v2\/posts\/3189\/revisions"}],"wp:featuredmedia":[{"embeddable":true,"href":"https:\/\/fundaciograduatssocials.com\/ca\/wp-json\/wp\/v2\/media\/3043"}],"wp:attachment":[{"href":"https:\/\/fundaciograduatssocials.com\/ca\/wp-json\/wp\/v2\/media?parent=3189"}],"wp:term":[{"taxonomy":"category","embeddable":true,"href":"https:\/\/fundaciograduatssocials.com\/ca\/wp-json\/wp\/v2\/categories?post=3189"},{"taxonomy":"post_tag","embeddable":true,"href":"https:\/\/fundaciograduatssocials.com\/ca\/wp-json\/wp\/v2\/tags?post=3189"}],"curies":[{"name":"wp","href":"https:\/\/api.w.org\/{rel}","templated":true}]}}