{"id":3192,"date":"2016-12-02T10:28:50","date_gmt":"2016-12-02T10:28:50","guid":{"rendered":"https:\/\/fundaciograduatssocials.com\/2016\/12\/02\/exit-de-la-campanya-solidaria-corregir-la-desigualtat-es-un-acte-de-justicia-social\/"},"modified":"2016-12-02T10:28:50","modified_gmt":"2016-12-02T10:28:50","slug":"exit-de-la-campanya-solidaria-corregir-la-desigualtat-es-un-acte-de-justicia-social","status":"publish","type":"post","link":"https:\/\/fundaciograduatssocials.com\/ca\/2016\/12\/02\/exit-de-la-campanya-solidaria-corregir-la-desigualtat-es-un-acte-de-justicia-social\/","title":{"rendered":"\u00c8XIT DE LA CAMPANYA SOLID\u00c0RIA &#8220;CORREGIR LA DESIGUALTAT \u00c9S UN ACTE DE JUST\u00cdCIA SOCIAL&#8221;"},"content":{"rendered":"<p>Un cop m\u00e9s els Graduats Socials demostren que \u00e9s un col\u00b7lectiu actiu i solidari.<\/p>\n<p>Ahir va tenir lloc l&#8217;acte de lliurament de la roba i joguines recollides durant la campanya solid\u00e0ria a benefici de l&#8217;Associaci\u00f3 Antics Alumnes de Montesi\u00f3n. Aquesta organitzaci\u00f3 que ser\u00e0 l&#8217;encarregada de gestionar els recursos donats, presta ajuda de forma totalment altruista, a m\u00e9s de 4.000 persones que es troba en una situaci\u00f3 dif\u00edcil i de necessitat.<\/p>\n<p><!--more--><\/p>\n<p>En l&#8217;Acte va estar present, en representaci\u00f3 de\u00a0<strong>l&#8217;Associaci\u00f3 Antics Alumnes de Montesi\u00f3n<\/strong>, \u00a0Blai Vidal i Francisco Bonnin; per part de la\u00a0<strong>Fundaci\u00f3 de Graduats Socials,<\/strong>\u00a0Apol\u00b7l\u00f2nia M. Juli\u00e0 i Maria Gr\u00e0cia Matas. Les dues entitats han agra\u00eft les aportacions rebudes.<\/p>\n<p>Especialment, la presidenta de la Fundaci\u00f3 de Graduats Socials, Apol\u00b7l\u00f2nia Juli\u00e0, va donar les gr\u00e0cies al col\u00b7lectiu per la seva participaci\u00f3 en aquesta iniciativa, i ha apuntat que un cop m\u00e9s els graduats socials posen de manifest que \u00e9s un col\u00b7lectiu actiu i solidari, sobretot , en aquelles q\u00fcestions socials que es tradueixen en equitat.<\/p>\n<p>Aix\u00ed mateix, va agrair la participaci\u00f3 de les empreses: IKEA i TERRASA ARTS GRAFIQUES, que amb la seva col\u00b7laboraci\u00f3 han contribu\u00eft a l&#8217;\u00e8xit d&#8217;aquesta campanya.<\/p>\n<p>1 desembre 2016<\/p>\n","protected":false},"excerpt":{"rendered":"<p>Un cop m\u00e9s els Graduats Socials demostren que \u00e9s un col\u00b7lectiu actiu i solidari. Ahir va tenir lloc l&#8217;acte de lliurament de la roba i joguines recollides durant la campanya solid\u00e0ria a benefici de l&#8217;Associaci\u00f3 Antics Alumnes de Montesi\u00f3n. Aquesta organitzaci\u00f3 que ser\u00e0 l&#8217;encarregada de gestionar els recursos donats, presta ajuda de forma totalment altruista, [&hellip;]<\/p>\n","protected":false},"author":2,"featured_media":3047,"comment_status":"open","ping_status":"open","sticky":false,"template":"","format":"standard","meta":{"footnotes":""},"categories":[20],"tags":[],"class_list":["post-3192","post","type-post","status-publish","format-standard","has-post-thumbnail","hentry","category-noticies-fundacio"],"_links":{"self":[{"href":"https:\/\/fundaciograduatssocials.com\/ca\/wp-json\/wp\/v2\/posts\/3192","targetHints":{"allow":["GET"]}}],"collection":[{"href":"https:\/\/fundaciograduatssocials.com\/ca\/wp-json\/wp\/v2\/posts"}],"about":[{"href":"https:\/\/fundaciograduatssocials.com\/ca\/wp-json\/wp\/v2\/types\/post"}],"author":[{"embeddable":true,"href":"https:\/\/fundaciograduatssocials.com\/ca\/wp-json\/wp\/v2\/users\/2"}],"replies":[{"embeddable":true,"href":"https:\/\/fundaciograduatssocials.com\/ca\/wp-json\/wp\/v2\/comments?post=3192"}],"version-history":[{"count":0,"href":"https:\/\/fundaciograduatssocials.com\/ca\/wp-json\/wp\/v2\/posts\/3192\/revisions"}],"wp:featuredmedia":[{"embeddable":true,"href":"https:\/\/fundaciograduatssocials.com\/ca\/wp-json\/wp\/v2\/media\/3047"}],"wp:attachment":[{"href":"https:\/\/fundaciograduatssocials.com\/ca\/wp-json\/wp\/v2\/media?parent=3192"}],"wp:term":[{"taxonomy":"category","embeddable":true,"href":"https:\/\/fundaciograduatssocials.com\/ca\/wp-json\/wp\/v2\/categories?post=3192"},{"taxonomy":"post_tag","embeddable":true,"href":"https:\/\/fundaciograduatssocials.com\/ca\/wp-json\/wp\/v2\/tags?post=3192"}],"curies":[{"name":"wp","href":"https:\/\/api.w.org\/{rel}","templated":true}]}}