{"id":3194,"date":"2016-12-02T10:24:27","date_gmt":"2016-12-02T10:24:27","guid":{"rendered":"https:\/\/fundaciograduatssocials.com\/2016\/12\/02\/antoni-oliver-reus-guardonat-amb-el-premi-erga-omnes-2016\/"},"modified":"2016-12-02T10:24:27","modified_gmt":"2016-12-02T10:24:27","slug":"antoni-oliver-reus-guardonat-amb-el-premi-erga-omnes-2016","status":"publish","type":"post","link":"https:\/\/fundaciograduatssocials.com\/ca\/2016\/12\/02\/antoni-oliver-reus-guardonat-amb-el-premi-erga-omnes-2016\/","title":{"rendered":"Antoni Oliver Reus, guardonat amb el Premi Erga Omnes 2016"},"content":{"rendered":"<p>Un emocionat Antoni Oliver, president de la Sala Social del Tribunal Superior de Just\u00edcia de les Illes Balears (TSJIB), va rebre de mans de la presidenta del col\u00b7lectiu de Graduats Socials, Apol\u00b7l\u00f2nia M. Juli\u00e0, el Premi Erga Omnes 2016, en agra\u00efment a la seva tasca en defensa de la professi\u00f3.\u00a0<!--more--><\/p>\n<p>El magistrat sempre ha estat a disposici\u00f3 d&#8217;aquest col\u00b7lectiu professional i ha participat en nombrosos actes de car\u00e0cter formatiu i social.<\/p>\n<p>El Premi Erga Omnes es va crear amb el clar prop\u00f2sit de recon\u00e8ixer la tasca i el treball de les persones o institucions que destaquen en les seves actuacions o serveis prestats en defensa dels interessos generals i particulars d&#8217;aquest col\u00b7lectiu professional a les Illes Balears, tant en els \u00e0mbits cultural, jur\u00eddic, empresarial, c\u00edvic, humanitari, d&#8217;investigaci\u00f3 i docent.<\/p>\n<p>25 novembre 2016<\/p>\n","protected":false},"excerpt":{"rendered":"<p>Un emocionat Antoni Oliver, president de la Sala Social del Tribunal Superior de Just\u00edcia de les Illes Balears (TSJIB), va rebre de mans de la presidenta del col\u00b7lectiu de Graduats Socials, Apol\u00b7l\u00f2nia M. Juli\u00e0, el Premi Erga Omnes 2016, en agra\u00efment a la seva tasca en defensa de la professi\u00f3.\u00a0<\/p>\n","protected":false},"author":2,"featured_media":3049,"comment_status":"open","ping_status":"open","sticky":false,"template":"","format":"standard","meta":{"footnotes":""},"categories":[20],"tags":[],"class_list":["post-3194","post","type-post","status-publish","format-standard","has-post-thumbnail","hentry","category-noticies-fundacio"],"_links":{"self":[{"href":"https:\/\/fundaciograduatssocials.com\/ca\/wp-json\/wp\/v2\/posts\/3194","targetHints":{"allow":["GET"]}}],"collection":[{"href":"https:\/\/fundaciograduatssocials.com\/ca\/wp-json\/wp\/v2\/posts"}],"about":[{"href":"https:\/\/fundaciograduatssocials.com\/ca\/wp-json\/wp\/v2\/types\/post"}],"author":[{"embeddable":true,"href":"https:\/\/fundaciograduatssocials.com\/ca\/wp-json\/wp\/v2\/users\/2"}],"replies":[{"embeddable":true,"href":"https:\/\/fundaciograduatssocials.com\/ca\/wp-json\/wp\/v2\/comments?post=3194"}],"version-history":[{"count":0,"href":"https:\/\/fundaciograduatssocials.com\/ca\/wp-json\/wp\/v2\/posts\/3194\/revisions"}],"wp:featuredmedia":[{"embeddable":true,"href":"https:\/\/fundaciograduatssocials.com\/ca\/wp-json\/wp\/v2\/media\/3049"}],"wp:attachment":[{"href":"https:\/\/fundaciograduatssocials.com\/ca\/wp-json\/wp\/v2\/media?parent=3194"}],"wp:term":[{"taxonomy":"category","embeddable":true,"href":"https:\/\/fundaciograduatssocials.com\/ca\/wp-json\/wp\/v2\/categories?post=3194"},{"taxonomy":"post_tag","embeddable":true,"href":"https:\/\/fundaciograduatssocials.com\/ca\/wp-json\/wp\/v2\/tags?post=3194"}],"curies":[{"name":"wp","href":"https:\/\/api.w.org\/{rel}","templated":true}]}}