{"id":3195,"date":"2016-11-15T14:07:25","date_gmt":"2016-11-15T14:07:25","guid":{"rendered":"https:\/\/fundaciograduatssocials.com\/2016\/11\/15\/campanya-solidaria-roba-infantil-i-joguines\/"},"modified":"2016-11-15T14:07:25","modified_gmt":"2016-11-15T14:07:25","slug":"campanya-solidaria-roba-infantil-i-joguines","status":"publish","type":"post","link":"https:\/\/fundaciograduatssocials.com\/ca\/2016\/11\/15\/campanya-solidaria-roba-infantil-i-joguines\/","title":{"rendered":"Campanya SOLID\u00c0RIA  &#8220;ROBA INFANTIL I JOGUINES&#8221;"},"content":{"rendered":"<p><strong>Corregir la desigualtat \u00e9s un acte de JUST\u00cdCIA SOCIAL\u00a0<\/strong>, \u00e9s el lema d&#8217;aquesta campanya solid\u00e0ria la finalitat de la qual \u00e9s la col\u00b7laboraci\u00f3, \u00a0aquest any es fa amb la\u00a0<strong>\u201cAssociaci\u00f3 d&#8217;Antics Alumnes de Montesi\u00f3n\u201d<\/strong>, en la seva labor di\u00e0ria d&#8217;atenci\u00f3 als col\u00b7lectius menys afavorits de la nostra societat, fomentant la solidaritat i generant il\u00b7lusions.<!--more--><\/p>\n<p>La Fundaci\u00f3\u00a0 de Graduats Socials en col\u00b7laboraci\u00f3 amb l&#8217;Il\u00b7ltre. Col\u00b7legi de Graduats Socials, dins del seu programa de responsabilitat social corporativa, \u00a0ha organitzat\u00a0 una campanya de recollida de roba infantil i joguines. Tot aquell que tingui roba per a nen i nad\u00f3, estris (bressols, cotxets, banyeres ..) i joguines, nous o usats per\u00f2 en condicions d&#8217;\u00fas, i vulgui donar-ho per a una bona causa,\u00a0 t\u00e9 l&#8217;oportunitat de fer-ho els dies\u00a0<strong>21, 22, 23, 24 i 25 de novembre<\/strong>, a la seu del Col\u00b7legi, carrer Parellades 12A, Palma.<\/p>\n","protected":false},"excerpt":{"rendered":"<p>Corregir la desigualtat \u00e9s un acte de JUST\u00cdCIA SOCIAL\u00a0, \u00e9s el lema d&#8217;aquesta campanya solid\u00e0ria la finalitat de la qual \u00e9s la col\u00b7laboraci\u00f3, \u00a0aquest any es fa amb la\u00a0\u201cAssociaci\u00f3 d&#8217;Antics Alumnes de Montesi\u00f3n\u201d, en la seva labor di\u00e0ria d&#8217;atenci\u00f3 als col\u00b7lectius menys afavorits de la nostra societat, fomentant la solidaritat i generant il\u00b7lusions.<\/p>\n","protected":false},"author":2,"featured_media":3050,"comment_status":"open","ping_status":"open","sticky":false,"template":"","format":"standard","meta":{"footnotes":""},"categories":[20],"tags":[],"class_list":["post-3195","post","type-post","status-publish","format-standard","has-post-thumbnail","hentry","category-noticies-fundacio"],"_links":{"self":[{"href":"https:\/\/fundaciograduatssocials.com\/ca\/wp-json\/wp\/v2\/posts\/3195","targetHints":{"allow":["GET"]}}],"collection":[{"href":"https:\/\/fundaciograduatssocials.com\/ca\/wp-json\/wp\/v2\/posts"}],"about":[{"href":"https:\/\/fundaciograduatssocials.com\/ca\/wp-json\/wp\/v2\/types\/post"}],"author":[{"embeddable":true,"href":"https:\/\/fundaciograduatssocials.com\/ca\/wp-json\/wp\/v2\/users\/2"}],"replies":[{"embeddable":true,"href":"https:\/\/fundaciograduatssocials.com\/ca\/wp-json\/wp\/v2\/comments?post=3195"}],"version-history":[{"count":0,"href":"https:\/\/fundaciograduatssocials.com\/ca\/wp-json\/wp\/v2\/posts\/3195\/revisions"}],"wp:featuredmedia":[{"embeddable":true,"href":"https:\/\/fundaciograduatssocials.com\/ca\/wp-json\/wp\/v2\/media\/3050"}],"wp:attachment":[{"href":"https:\/\/fundaciograduatssocials.com\/ca\/wp-json\/wp\/v2\/media?parent=3195"}],"wp:term":[{"taxonomy":"category","embeddable":true,"href":"https:\/\/fundaciograduatssocials.com\/ca\/wp-json\/wp\/v2\/categories?post=3195"},{"taxonomy":"post_tag","embeddable":true,"href":"https:\/\/fundaciograduatssocials.com\/ca\/wp-json\/wp\/v2\/tags?post=3195"}],"curies":[{"name":"wp","href":"https:\/\/api.w.org\/{rel}","templated":true}]}}