{"id":3196,"date":"2016-11-14T12:45:11","date_gmt":"2016-11-14T12:45:11","guid":{"rendered":"https:\/\/fundaciograduatssocials.com\/2016\/11\/14\/el-nou-marc-del-procediment-administratiu-comu\/"},"modified":"2016-11-14T12:45:11","modified_gmt":"2016-11-14T12:45:11","slug":"el-nou-marc-del-procediment-administratiu-comu","status":"publish","type":"post","link":"https:\/\/fundaciograduatssocials.com\/ca\/2016\/11\/14\/el-nou-marc-del-procediment-administratiu-comu\/","title":{"rendered":"El NOU MARC DEL PROCEDIMENT ADMINISTRATIU COM\u00da"},"content":{"rendered":"<p>&nbsp;<\/p>\n<p>La confer\u00e8ncia impartida per l&#8217;advocat Miquel J. Balleter,\u00a0 especialista en jurisdicci\u00f3 contenciosa administrativa, va oferir una visi\u00f3 general del funcionament de l&#8217;Administraci\u00f3, les principals novetats que regula la Llei 39\/2015 i 40\/2015; fent especial \u00e8mfasi en el nou r\u00e8gim jur\u00eddic adjectiu previ a la jurisdicci\u00f3 social.<\/p>\n<p>10 de \u00a0novembre 2016<\/p>\n","protected":false},"excerpt":{"rendered":"<p>&nbsp; La confer\u00e8ncia impartida per l&#8217;advocat Miquel J. Balleter,\u00a0 especialista en jurisdicci\u00f3 contenciosa administrativa, va oferir una visi\u00f3 general del funcionament de l&#8217;Administraci\u00f3, les principals novetats que regula la Llei 39\/2015 i 40\/2015; fent especial \u00e8mfasi en el nou r\u00e8gim jur\u00eddic adjectiu previ a la jurisdicci\u00f3 social. 10 de \u00a0novembre 2016<\/p>\n","protected":false},"author":2,"featured_media":3051,"comment_status":"open","ping_status":"open","sticky":false,"template":"","format":"standard","meta":{"footnotes":""},"categories":[20],"tags":[],"class_list":["post-3196","post","type-post","status-publish","format-standard","has-post-thumbnail","hentry","category-noticies-fundacio"],"_links":{"self":[{"href":"https:\/\/fundaciograduatssocials.com\/ca\/wp-json\/wp\/v2\/posts\/3196","targetHints":{"allow":["GET"]}}],"collection":[{"href":"https:\/\/fundaciograduatssocials.com\/ca\/wp-json\/wp\/v2\/posts"}],"about":[{"href":"https:\/\/fundaciograduatssocials.com\/ca\/wp-json\/wp\/v2\/types\/post"}],"author":[{"embeddable":true,"href":"https:\/\/fundaciograduatssocials.com\/ca\/wp-json\/wp\/v2\/users\/2"}],"replies":[{"embeddable":true,"href":"https:\/\/fundaciograduatssocials.com\/ca\/wp-json\/wp\/v2\/comments?post=3196"}],"version-history":[{"count":0,"href":"https:\/\/fundaciograduatssocials.com\/ca\/wp-json\/wp\/v2\/posts\/3196\/revisions"}],"wp:featuredmedia":[{"embeddable":true,"href":"https:\/\/fundaciograduatssocials.com\/ca\/wp-json\/wp\/v2\/media\/3051"}],"wp:attachment":[{"href":"https:\/\/fundaciograduatssocials.com\/ca\/wp-json\/wp\/v2\/media?parent=3196"}],"wp:term":[{"taxonomy":"category","embeddable":true,"href":"https:\/\/fundaciograduatssocials.com\/ca\/wp-json\/wp\/v2\/categories?post=3196"},{"taxonomy":"post_tag","embeddable":true,"href":"https:\/\/fundaciograduatssocials.com\/ca\/wp-json\/wp\/v2\/tags?post=3196"}],"curies":[{"name":"wp","href":"https:\/\/api.w.org\/{rel}","templated":true}]}}