{"id":3197,"date":"2016-11-14T12:42:38","date_gmt":"2016-11-14T12:42:38","guid":{"rendered":"https:\/\/fundaciograduatssocials.com\/2016\/11\/14\/formacio-en-nomines-i-assegurances-socials\/"},"modified":"2016-11-14T12:42:38","modified_gmt":"2016-11-14T12:42:38","slug":"formacio-en-nomines-i-assegurances-socials","status":"publish","type":"post","link":"https:\/\/fundaciograduatssocials.com\/ca\/2016\/11\/14\/formacio-en-nomines-i-assegurances-socials\/","title":{"rendered":"FORMACI\u00d3 EN N\u00d2MINES I ASSEGURANCES SOCIALS"},"content":{"rendered":"<p>La graduada social, Tina Horrach, va impartir un curs\u00a0 nivell mitj\u00e0, que va abordar mitjan\u00e7ant casos pr\u00e0ctics, \u00a0la confecci\u00f3 de n\u00f2mines i assegurances socials, atenent la legislaci\u00f3 actual que regulen aquests documents.<\/p>\n<p>7 i 9 de novembre 2016<\/p>\n","protected":false},"excerpt":{"rendered":"<p>La graduada social, Tina Horrach, va impartir un curs\u00a0 nivell mitj\u00e0, que va abordar mitjan\u00e7ant casos pr\u00e0ctics, \u00a0la confecci\u00f3 de n\u00f2mines i assegurances socials, atenent la legislaci\u00f3 actual que regulen aquests documents. 7 i 9 de novembre 2016<\/p>\n","protected":false},"author":2,"featured_media":3052,"comment_status":"open","ping_status":"open","sticky":false,"template":"","format":"standard","meta":{"footnotes":""},"categories":[20],"tags":[],"class_list":["post-3197","post","type-post","status-publish","format-standard","has-post-thumbnail","hentry","category-noticies-fundacio"],"_links":{"self":[{"href":"https:\/\/fundaciograduatssocials.com\/ca\/wp-json\/wp\/v2\/posts\/3197","targetHints":{"allow":["GET"]}}],"collection":[{"href":"https:\/\/fundaciograduatssocials.com\/ca\/wp-json\/wp\/v2\/posts"}],"about":[{"href":"https:\/\/fundaciograduatssocials.com\/ca\/wp-json\/wp\/v2\/types\/post"}],"author":[{"embeddable":true,"href":"https:\/\/fundaciograduatssocials.com\/ca\/wp-json\/wp\/v2\/users\/2"}],"replies":[{"embeddable":true,"href":"https:\/\/fundaciograduatssocials.com\/ca\/wp-json\/wp\/v2\/comments?post=3197"}],"version-history":[{"count":0,"href":"https:\/\/fundaciograduatssocials.com\/ca\/wp-json\/wp\/v2\/posts\/3197\/revisions"}],"wp:featuredmedia":[{"embeddable":true,"href":"https:\/\/fundaciograduatssocials.com\/ca\/wp-json\/wp\/v2\/media\/3052"}],"wp:attachment":[{"href":"https:\/\/fundaciograduatssocials.com\/ca\/wp-json\/wp\/v2\/media?parent=3197"}],"wp:term":[{"taxonomy":"category","embeddable":true,"href":"https:\/\/fundaciograduatssocials.com\/ca\/wp-json\/wp\/v2\/categories?post=3197"},{"taxonomy":"post_tag","embeddable":true,"href":"https:\/\/fundaciograduatssocials.com\/ca\/wp-json\/wp\/v2\/tags?post=3197"}],"curies":[{"name":"wp","href":"https:\/\/api.w.org\/{rel}","templated":true}]}}