{"id":3199,"date":"2016-11-09T18:44:02","date_gmt":"2016-11-09T18:44:02","guid":{"rendered":"https:\/\/fundaciograduatssocials.com\/2016\/11\/09\/la-tecnologia-i-la-seva-incidencia-en-els-despatxos-professionals\/"},"modified":"2016-11-09T18:44:02","modified_gmt":"2016-11-09T18:44:02","slug":"la-tecnologia-i-la-seva-incidencia-en-els-despatxos-professionals","status":"publish","type":"post","link":"https:\/\/fundaciograduatssocials.com\/ca\/2016\/11\/09\/la-tecnologia-i-la-seva-incidencia-en-els-despatxos-professionals\/","title":{"rendered":"LA TECNOLOGIA I LA SEVA INCID\u00c8NCIA EN ELS DESPATXOS PROFESSIONALS"},"content":{"rendered":"<p>La import\u00e0ncia de la tecnologia en la generaci\u00f3 de noves oportunitats de negoci va ser tema de debat en el transcurs d&#8217;una Taula Rodona que va portar per t\u00edtol: El Valor estrat\u00e8gic de la Tecnologia al Despatx Professional<!--more--><\/p>\n<p>L&#8217;acte va ser presentat per Apol \u2022 l\u00f2nia Juli\u00e0, presidenta de la Fundaci\u00f3 i de l&#8217;Il \u2022 lustre Col \u2022 legi d&#8217;Graduats Socials de les Illes Balears i moderat per Jos\u00e9 L. Coloma, administrador de SISLEI.<\/p>\n<p>Van intervenir a la taula rodona Felipe Bravo, cap de Seccionde ServTef\u00a0 Siltr@ de la Tresoreria General de la Seguretat Social; Ignasi Vidal, m\u00e0nager de SAGE; Jaume Amengual, director Activa M\u00fatua Balears; i L\u00eddia Mur, del departament Prestacions Activa M\u00fatua.<\/p>\n<p>27 octubre 2016<\/p>\n","protected":false},"excerpt":{"rendered":"<p>La import\u00e0ncia de la tecnologia en la generaci\u00f3 de noves oportunitats de negoci va ser tema de debat en el transcurs d&#8217;una Taula Rodona que va portar per t\u00edtol: El Valor estrat\u00e8gic de la Tecnologia al Despatx Professional<\/p>\n","protected":false},"author":2,"featured_media":3055,"comment_status":"open","ping_status":"open","sticky":false,"template":"","format":"standard","meta":{"footnotes":""},"categories":[20],"tags":[],"class_list":["post-3199","post","type-post","status-publish","format-standard","has-post-thumbnail","hentry","category-noticies-fundacio"],"_links":{"self":[{"href":"https:\/\/fundaciograduatssocials.com\/ca\/wp-json\/wp\/v2\/posts\/3199","targetHints":{"allow":["GET"]}}],"collection":[{"href":"https:\/\/fundaciograduatssocials.com\/ca\/wp-json\/wp\/v2\/posts"}],"about":[{"href":"https:\/\/fundaciograduatssocials.com\/ca\/wp-json\/wp\/v2\/types\/post"}],"author":[{"embeddable":true,"href":"https:\/\/fundaciograduatssocials.com\/ca\/wp-json\/wp\/v2\/users\/2"}],"replies":[{"embeddable":true,"href":"https:\/\/fundaciograduatssocials.com\/ca\/wp-json\/wp\/v2\/comments?post=3199"}],"version-history":[{"count":0,"href":"https:\/\/fundaciograduatssocials.com\/ca\/wp-json\/wp\/v2\/posts\/3199\/revisions"}],"wp:featuredmedia":[{"embeddable":true,"href":"https:\/\/fundaciograduatssocials.com\/ca\/wp-json\/wp\/v2\/media\/3055"}],"wp:attachment":[{"href":"https:\/\/fundaciograduatssocials.com\/ca\/wp-json\/wp\/v2\/media?parent=3199"}],"wp:term":[{"taxonomy":"category","embeddable":true,"href":"https:\/\/fundaciograduatssocials.com\/ca\/wp-json\/wp\/v2\/categories?post=3199"},{"taxonomy":"post_tag","embeddable":true,"href":"https:\/\/fundaciograduatssocials.com\/ca\/wp-json\/wp\/v2\/tags?post=3199"}],"curies":[{"name":"wp","href":"https:\/\/api.w.org\/{rel}","templated":true}]}}