{"id":3200,"date":"2016-11-09T18:38:14","date_gmt":"2016-11-09T18:38:14","guid":{"rendered":"https:\/\/fundaciograduatssocials.com\/2016\/11\/09\/ombres-i-llums-en-el-sistema-de-la-seguretat-social\/"},"modified":"2016-11-09T18:38:14","modified_gmt":"2016-11-09T18:38:14","slug":"ombres-i-llums-en-el-sistema-de-la-seguretat-social","status":"publish","type":"post","link":"https:\/\/fundaciograduatssocials.com\/ca\/2016\/11\/09\/ombres-i-llums-en-el-sistema-de-la-seguretat-social\/","title":{"rendered":"OMBRES I LLUMS EN EL SISTEMA DE LA SEGURETAT SOCIAL"},"content":{"rendered":"<p>Cinquanta preguntes i les seves respostes en mat\u00e8ria de Seguretat Social, especialment sobre aquelles sorgides de les \u00faltimes novetats legislatives, dels \u00faltims informes administratius i recents sent\u00e8ncies del Tribunal Suprem, van ser mat\u00e8ria de debat en el F\u00f2rum de la Seguretat Social.<!--more--><\/p>\n<p>Antonio Comas expert en la mat\u00e8ria va ser l&#8217;encarregat de respondre a totes les preguntes formulades pels discents.<\/p>\n<p>25 octubre 2016<\/p>\n","protected":false},"excerpt":{"rendered":"<p>Cinquanta preguntes i les seves respostes en mat\u00e8ria de Seguretat Social, especialment sobre aquelles sorgides de les \u00faltimes novetats legislatives, dels \u00faltims informes administratius i recents sent\u00e8ncies del Tribunal Suprem, van ser mat\u00e8ria de debat en el F\u00f2rum de la Seguretat Social.<\/p>\n","protected":false},"author":2,"featured_media":3056,"comment_status":"open","ping_status":"open","sticky":false,"template":"","format":"standard","meta":{"footnotes":""},"categories":[20],"tags":[],"class_list":["post-3200","post","type-post","status-publish","format-standard","has-post-thumbnail","hentry","category-noticies-fundacio"],"_links":{"self":[{"href":"https:\/\/fundaciograduatssocials.com\/ca\/wp-json\/wp\/v2\/posts\/3200","targetHints":{"allow":["GET"]}}],"collection":[{"href":"https:\/\/fundaciograduatssocials.com\/ca\/wp-json\/wp\/v2\/posts"}],"about":[{"href":"https:\/\/fundaciograduatssocials.com\/ca\/wp-json\/wp\/v2\/types\/post"}],"author":[{"embeddable":true,"href":"https:\/\/fundaciograduatssocials.com\/ca\/wp-json\/wp\/v2\/users\/2"}],"replies":[{"embeddable":true,"href":"https:\/\/fundaciograduatssocials.com\/ca\/wp-json\/wp\/v2\/comments?post=3200"}],"version-history":[{"count":0,"href":"https:\/\/fundaciograduatssocials.com\/ca\/wp-json\/wp\/v2\/posts\/3200\/revisions"}],"wp:featuredmedia":[{"embeddable":true,"href":"https:\/\/fundaciograduatssocials.com\/ca\/wp-json\/wp\/v2\/media\/3056"}],"wp:attachment":[{"href":"https:\/\/fundaciograduatssocials.com\/ca\/wp-json\/wp\/v2\/media?parent=3200"}],"wp:term":[{"taxonomy":"category","embeddable":true,"href":"https:\/\/fundaciograduatssocials.com\/ca\/wp-json\/wp\/v2\/categories?post=3200"},{"taxonomy":"post_tag","embeddable":true,"href":"https:\/\/fundaciograduatssocials.com\/ca\/wp-json\/wp\/v2\/tags?post=3200"}],"curies":[{"name":"wp","href":"https:\/\/api.w.org\/{rel}","templated":true}]}}