{"id":3201,"date":"2016-10-20T11:18:43","date_gmt":"2016-10-20T11:18:43","guid":{"rendered":"https:\/\/fundaciograduatssocials.com\/2016\/10\/20\/els-alumnes-de-la-universitat-de-les-illes-balears-uib-podran-fer-practiques-a-loficina-juridicolaboral-de-lfundacio-de-graduats-socials\/"},"modified":"2016-10-20T11:18:43","modified_gmt":"2016-10-20T11:18:43","slug":"els-alumnes-de-la-universitat-de-les-illes-balears-uib-podran-fer-practiques-a-loficina-juridicolaboral-de-lfundacio-de-graduats-socials","status":"publish","type":"post","link":"https:\/\/fundaciograduatssocials.com\/ca\/2016\/10\/20\/els-alumnes-de-la-universitat-de-les-illes-balears-uib-podran-fer-practiques-a-loficina-juridicolaboral-de-lfundacio-de-graduats-socials\/","title":{"rendered":"ELS ALUMNES DE LA UNIVERSITAT DE LES ILLES BALEARS (UIB) PODRAN FER PR\u00c0CTIQUES A L&#8217;OFICINA JUR\u00cdDICOLABORAL DE L&#8217;FUNDACI\u00d3 DE GRADUATS SOCIALS"},"content":{"rendered":"<p>La senyora Apol\u00b7l\u00f2nia M. Juli\u00e0, presidenta de la Fundaci\u00f3 de Graduats Socials de les Illes Balears, i la doctora Margalida Payeras, vicerectora d\u2019Alumnes, Titulats i Ocupabilitat de la Universitat de les Illes Balears, han signat avui un conveni perqu\u00e8 els estudiants del grau de Relacions Laborals de la UIB puguin fer pr\u00e0ctiques externes a l\u2019Oficina d\u2019Orientaci\u00f3 Juridicolaboral de la Fundaci\u00f3 de Graduats Socials de les Illes Balears, amb una finalitat doble: afavorir l\u2019adquisici\u00f3 de compet\u00e8ncies per a l\u2019exercici professional alhora que desenvolupen una tasca solid\u00e0ria.<\/p>\n<p><img fetchpriority=\"high\" decoding=\"async\" class=\"alignnone size-medium wp-image-1081\" src=\"http:\/\/www.fundaciograduatssocials.es\/wp-content\/uploads\/2016\/10\/2.-FIRMA-PROTOCOLARIA-300x200.jpg\" alt=\"2. FIRMA PROTOCOLARIA\" width=\"300\" height=\"200\" \/><\/p>\n<p>L&#8217;Oficina d&#8217;Orientaci\u00f3 Jur\u00eddic-Laboral est\u00e0 emmarcada en un projecte de naturalesa social, consistent en atendre les consultes en mat\u00e8ria laboral, de seguretat social o jur\u00eddic laboral. Aquest servei el destinatari \u00e9s el ciutad\u00e0 que ho necessita, es presta de forma gratu\u00efta per experts en la mat\u00e8ria: el graduat social.<\/p>\n<p><img decoding=\"async\" class=\"alignnone size-medium wp-image-1083\" src=\"http:\/\/www.fundaciograduatssocials.es\/wp-content\/uploads\/2016\/10\/3.-FIRMA-PROTOCOLARIA-300x200.jpg\" alt=\"3. FIRMA PROTOCOLARIA\" width=\"300\" height=\"200\" \/><\/p>\n<p>A l\u2019acte hi han assistit, per part de la Fundaci\u00f3 de Graduats Socials, la senyora Apol\u00b7l\u00f2nia M. Juli\u00e0, presidenta de la Fundaci\u00f3; les senyores M. Gr\u00e0cia Matas i Emilia Goyanes, vicepresidentes, i el senyor Miquel \u00c0ngel Valens, vicepresident i coordinador de la Comissi\u00f3 de Cultura, Formaci\u00f3 i Universitats. Per part de la UIB, hi han assistit la doctora Margalida Payeras, vicerectora d&#8217;Alumnes, Titulats i Ocupabilitat; el doctor Francisco L\u00f3pez Sim\u00f3, deg\u00e0 de la Facultat de Dret; i la doctora Cristina Gil, vicedegana de pr\u00e0ctiques de la Facultat de Dret de la Universitat de les Illes Balears.<\/p>\n","protected":false},"excerpt":{"rendered":"<p>La senyora Apol\u00b7l\u00f2nia M. Juli\u00e0, presidenta de la Fundaci\u00f3 de Graduats Socials de les Illes Balears, i la doctora Margalida Payeras, vicerectora d\u2019Alumnes, Titulats i Ocupabilitat de la Universitat de les Illes Balears, han signat avui un conveni perqu\u00e8 els estudiants del grau de Relacions Laborals de la UIB puguin fer pr\u00e0ctiques externes a l\u2019Oficina [&hellip;]<\/p>\n","protected":false},"author":2,"featured_media":3057,"comment_status":"open","ping_status":"open","sticky":false,"template":"","format":"standard","meta":{"footnotes":""},"categories":[20],"tags":[],"class_list":["post-3201","post","type-post","status-publish","format-standard","has-post-thumbnail","hentry","category-noticies-fundacio"],"_links":{"self":[{"href":"https:\/\/fundaciograduatssocials.com\/ca\/wp-json\/wp\/v2\/posts\/3201","targetHints":{"allow":["GET"]}}],"collection":[{"href":"https:\/\/fundaciograduatssocials.com\/ca\/wp-json\/wp\/v2\/posts"}],"about":[{"href":"https:\/\/fundaciograduatssocials.com\/ca\/wp-json\/wp\/v2\/types\/post"}],"author":[{"embeddable":true,"href":"https:\/\/fundaciograduatssocials.com\/ca\/wp-json\/wp\/v2\/users\/2"}],"replies":[{"embeddable":true,"href":"https:\/\/fundaciograduatssocials.com\/ca\/wp-json\/wp\/v2\/comments?post=3201"}],"version-history":[{"count":0,"href":"https:\/\/fundaciograduatssocials.com\/ca\/wp-json\/wp\/v2\/posts\/3201\/revisions"}],"wp:featuredmedia":[{"embeddable":true,"href":"https:\/\/fundaciograduatssocials.com\/ca\/wp-json\/wp\/v2\/media\/3057"}],"wp:attachment":[{"href":"https:\/\/fundaciograduatssocials.com\/ca\/wp-json\/wp\/v2\/media?parent=3201"}],"wp:term":[{"taxonomy":"category","embeddable":true,"href":"https:\/\/fundaciograduatssocials.com\/ca\/wp-json\/wp\/v2\/categories?post=3201"},{"taxonomy":"post_tag","embeddable":true,"href":"https:\/\/fundaciograduatssocials.com\/ca\/wp-json\/wp\/v2\/tags?post=3201"}],"curies":[{"name":"wp","href":"https:\/\/api.w.org\/{rel}","templated":true}]}}