{"id":3206,"date":"2016-06-27T06:28:57","date_gmt":"2016-06-27T06:28:57","guid":{"rendered":"https:\/\/fundaciograduatssocials.com\/2016\/06\/27\/sessio-informativa-nou-tribut-autonomic-limpost-sobre-estades-turistiques-en-les-illes-balears-dimecres-22-de-juny-de-2016\/"},"modified":"2025-06-01T08:13:59","modified_gmt":"2025-06-01T08:13:59","slug":"sessio-informativa-nou-tribut-autonomic-limpost-sobre-estades-turistiques-en-les-illes-balears-dimecres-22-de-juny-de-2016","status":"publish","type":"post","link":"https:\/\/fundaciograduatssocials.com\/ca\/2016\/06\/27\/sessio-informativa-nou-tribut-autonomic-limpost-sobre-estades-turistiques-en-les-illes-balears-dimecres-22-de-juny-de-2016\/","title":{"rendered":"Sessi\u00f3 informativa. NOU TRIBUT AUTON\u00d2MIC: L&#8217;IMPOST SOBRE ESTADES TUR\u00cdSTIQUES EN LES ILLES BALEARS. Dimecres 22 de juny de 2016"},"content":{"rendered":"<p><span id=\"result_box\" class=\"\" lang=\"ca\"><span title=\"Est\u00e1n exentos del &quot;Impuesto sobre estancias tur\u00edstica&quot;, los usuarios de programas sociales ..... \">Estan exempts de l&#8217;Impost &#8220;sobre estades tur\u00edstiques&#8221;, els usuaris de programes socials &#8230;..<\/span><\/span><\/p>\n<p><!--more--><\/p>\n<p><span title=\"La Vicepresidenta de la Fundaci\u00f3 de Graduats Socials de les Illes Balears, D\u00f1a. Emilia Goyanes Castro, present\u00f3 la sesi\u00f3n informativa &quot;El impuesto sobre estancias tur\u00edsticas&quot;, nombre oficial de la nueva tasa auton\u00f3mica. \">La vicepresidenta de la Fundaci\u00f3 de Graduats Socials de les Illes Balears, Emilia Goyanes,\u00a0 va presentar la sessi\u00f3 informativa\u00a0<strong>&#8220;L&#8217;impost sobre estades tur\u00edstiques&#8221;<\/strong>, nom oficial de la nova taxa auton\u00f2mica.<\/span><\/p>\n<p><span title=\"La Vicepresidenta de la Fundaci\u00f3 de Graduats Socials de les Illes Balears, D\u00f1a. Emilia Goyanes Castro, present\u00f3 la sesi\u00f3n informativa &quot;El impuesto sobre estancias tur\u00edsticas&quot;, nombre oficial de la nueva tasa auton\u00f3mica. \"><br \/>\n<\/span><span title=\"La Consellera d\u00b4Hisenda i Administracions P\u00fabliques del Govern Balear, Catalina Cladera;\">La Consellera d&#8217;Hisenda i Administracions P\u00fabliques del Govern Balear, Catalina Cladera;\u00a0<\/span><span title=\"la Directora de la Ag\u00e8ncia Tribut\u00e0ria de les Illes Balear, y Magdalena Ca\u00f1ellas, Jefa de Negociado que gestiona la tasa auton\u00f3mica, fueron las encargadas de ilustrar sobre los objetivos y funcionamiento del nuevo impuesto. \">la directora de l&#8217;Ag\u00e8ncia Tribut\u00e0ria de les Illes Balear,\u00a0<span class=\"texto13\">Maria Ant\u00f2nia Truyols<\/span>\u00a0i Magdalena Ca\u00f1ellas, Cap de negociat que gestiona la taxa auton\u00f2mica, van ser les encarregades d&#8217;il\u00b7lustrar sobre els objectius i funcionament del nou impost.<\/span><\/p>\n<p><span title=\"la Directora de la Ag\u00e8ncia Tribut\u00e0ria de les Illes Balear, y Magdalena Ca\u00f1ellas, Jefa de Negociado que gestiona la tasa auton\u00f3mica, fueron las encargadas de ilustrar sobre los objetivos y funcionamiento del nuevo impuesto. \"><br \/>\n<\/span><span title=\"El impuesto supone el pago de una tasa diaria, de entre 0,25 y 2 \u20acuros, en funci\u00f3n de los tipos de establecimientos tur\u00edsticos.\">L&#8217;impost suposa el pagament d&#8217;una taxa di\u00e0ria, d&#8217;entre 0,25 i 2 \u20acuros, en funci\u00f3 dels tipus d&#8217;establiments tur\u00edstics.\u00a0<\/span><span title=\"No obstante, esta cuota tributaria es objeto de bonificaci\u00f3n del 50 % para las estancias que tengan lugar en temporada baja, y aquellas que se extiendan m\u00e1s all\u00e1 de ocho d\u00edas consecutivos.\">No obstant aix\u00f2, aquesta quota tribut\u00e0ria \u00e9s objecte de bonificaci\u00f3 del 50% per a les estades que tinguin lloc en temporada baixa, i aquelles que s&#8217;estenguin m\u00e9s enll\u00e0 de vuit dies consecutius.\u00a0<\/span><span title=\"As\u00ed mismo, estar\u00e1n exentos los menores de 16 a\u00f1os, quienes viajen por fuerza mayor, los enfermos desplazados y sus acompa\u00f1antes y las estancias subvencionadas por programas sociales de las administraciones p\u00fablicas de cualquier estado de la Uni\u00f3n Europea.\">Aix\u00ed mateix, estaran exempts els menors de 16 anys, els que viatgin per for\u00e7a major, els malalts despla\u00e7ats i els seus acompanyants i les estades subvencionades per programes socials de les administracions p\u00fabliques de qualsevol estat de la Uni\u00f3 Europea.<\/span><\/p>\n","protected":false},"excerpt":{"rendered":"<p>Estan exempts de l&#8217;Impost &#8220;sobre estades tur\u00edstiques&#8221;, els usuaris de programes socials &#8230;..<\/p>\n","protected":false},"author":2,"featured_media":3064,"comment_status":"open","ping_status":"open","sticky":false,"template":"","format":"standard","meta":{"footnotes":""},"categories":[20],"tags":[],"class_list":["post-3206","post","type-post","status-publish","format-standard","has-post-thumbnail","hentry","category-noticies-fundacio"],"_links":{"self":[{"href":"https:\/\/fundaciograduatssocials.com\/ca\/wp-json\/wp\/v2\/posts\/3206","targetHints":{"allow":["GET"]}}],"collection":[{"href":"https:\/\/fundaciograduatssocials.com\/ca\/wp-json\/wp\/v2\/posts"}],"about":[{"href":"https:\/\/fundaciograduatssocials.com\/ca\/wp-json\/wp\/v2\/types\/post"}],"author":[{"embeddable":true,"href":"https:\/\/fundaciograduatssocials.com\/ca\/wp-json\/wp\/v2\/users\/2"}],"replies":[{"embeddable":true,"href":"https:\/\/fundaciograduatssocials.com\/ca\/wp-json\/wp\/v2\/comments?post=3206"}],"version-history":[{"count":1,"href":"https:\/\/fundaciograduatssocials.com\/ca\/wp-json\/wp\/v2\/posts\/3206\/revisions"}],"predecessor-version":[{"id":3207,"href":"https:\/\/fundaciograduatssocials.com\/ca\/wp-json\/wp\/v2\/posts\/3206\/revisions\/3207"}],"wp:featuredmedia":[{"embeddable":true,"href":"https:\/\/fundaciograduatssocials.com\/ca\/wp-json\/wp\/v2\/media\/3064"}],"wp:attachment":[{"href":"https:\/\/fundaciograduatssocials.com\/ca\/wp-json\/wp\/v2\/media?parent=3206"}],"wp:term":[{"taxonomy":"category","embeddable":true,"href":"https:\/\/fundaciograduatssocials.com\/ca\/wp-json\/wp\/v2\/categories?post=3206"},{"taxonomy":"post_tag","embeddable":true,"href":"https:\/\/fundaciograduatssocials.com\/ca\/wp-json\/wp\/v2\/tags?post=3206"}],"curies":[{"name":"wp","href":"https:\/\/api.w.org\/{rel}","templated":true}]}}