{"id":3267,"date":"2025-05-16T08:37:19","date_gmt":"2025-05-16T08:37:19","guid":{"rendered":"https:\/\/fundaciograduatssocials.com\/2025\/05\/16\/d-joan-oliver\/"},"modified":"2025-06-01T09:55:51","modified_gmt":"2025-06-01T09:55:51","slug":"d-joan-oliver","status":"publish","type":"post","link":"https:\/\/fundaciograduatssocials.com\/ca\/2025\/05\/16\/d-joan-oliver\/","title":{"rendered":"D. JOAN OLIVER"},"content":{"rendered":"\n<p>Responsable de l&#8217;\u00c0rea T\u00e8cnica del Servei Balear de Prevenci\u00f3<\/p>\n","protected":false},"excerpt":{"rendered":"<p>Responsable de l&#8217;\u00c0rea T\u00e8cnica del Servei Balear de Prevenci\u00f3<\/p>\n","protected":false},"author":1,"featured_media":0,"comment_status":"open","ping_status":"open","sticky":false,"template":"","format":"standard","meta":{"footnotes":""},"categories":[21],"tags":[],"class_list":["post-3267","post","type-post","status-publish","format-standard","hentry","category-ponentes-ca"],"_links":{"self":[{"href":"https:\/\/fundaciograduatssocials.com\/ca\/wp-json\/wp\/v2\/posts\/3267","targetHints":{"allow":["GET"]}}],"collection":[{"href":"https:\/\/fundaciograduatssocials.com\/ca\/wp-json\/wp\/v2\/posts"}],"about":[{"href":"https:\/\/fundaciograduatssocials.com\/ca\/wp-json\/wp\/v2\/types\/post"}],"author":[{"embeddable":true,"href":"https:\/\/fundaciograduatssocials.com\/ca\/wp-json\/wp\/v2\/users\/1"}],"replies":[{"embeddable":true,"href":"https:\/\/fundaciograduatssocials.com\/ca\/wp-json\/wp\/v2\/comments?post=3267"}],"version-history":[{"count":1,"href":"https:\/\/fundaciograduatssocials.com\/ca\/wp-json\/wp\/v2\/posts\/3267\/revisions"}],"predecessor-version":[{"id":3268,"href":"https:\/\/fundaciograduatssocials.com\/ca\/wp-json\/wp\/v2\/posts\/3267\/revisions\/3268"}],"wp:attachment":[{"href":"https:\/\/fundaciograduatssocials.com\/ca\/wp-json\/wp\/v2\/media?parent=3267"}],"wp:term":[{"taxonomy":"category","embeddable":true,"href":"https:\/\/fundaciograduatssocials.com\/ca\/wp-json\/wp\/v2\/categories?post=3267"},{"taxonomy":"post_tag","embeddable":true,"href":"https:\/\/fundaciograduatssocials.com\/ca\/wp-json\/wp\/v2\/tags?post=3267"}],"curies":[{"name":"wp","href":"https:\/\/api.w.org\/{rel}","templated":true}]}}