{"id":3269,"date":"2025-05-17T08:37:52","date_gmt":"2025-05-17T08:37:52","guid":{"rendered":"https:\/\/fundaciograduatssocials.com\/2025\/05\/17\/d-jose-solera-orbis\/"},"modified":"2025-06-01T09:57:15","modified_gmt":"2025-06-01T09:57:15","slug":"d-jose-solera-orbis","status":"publish","type":"post","link":"https:\/\/fundaciograduatssocials.com\/ca\/2025\/05\/17\/d-jose-solera-orbis\/","title":{"rendered":"D. JOS\u00c9 SOLERA ORB\u00cdS"},"content":{"rendered":"\n<p>Funcionari del Cos Superior de T\u00e8cnics de l&#8217;Administraci\u00f3 de la Seguretat Social i Sotsdirector Provincial de Jubilaci\u00f3 i Superviv\u00e8ncia de l&#8217;INSS<\/p>\n","protected":false},"excerpt":{"rendered":"<p>Funcionari del Cos Superior de T\u00e8cnics de l&#8217;Administraci\u00f3 de la Seguretat Social i Sotsdirector Provincial de Jubilaci\u00f3 i Superviv\u00e8ncia de l&#8217;INSS<\/p>\n","protected":false},"author":1,"featured_media":0,"comment_status":"open","ping_status":"open","sticky":false,"template":"","format":"standard","meta":{"footnotes":""},"categories":[21],"tags":[],"class_list":["post-3269","post","type-post","status-publish","format-standard","hentry","category-ponentes-ca"],"_links":{"self":[{"href":"https:\/\/fundaciograduatssocials.com\/ca\/wp-json\/wp\/v2\/posts\/3269","targetHints":{"allow":["GET"]}}],"collection":[{"href":"https:\/\/fundaciograduatssocials.com\/ca\/wp-json\/wp\/v2\/posts"}],"about":[{"href":"https:\/\/fundaciograduatssocials.com\/ca\/wp-json\/wp\/v2\/types\/post"}],"author":[{"embeddable":true,"href":"https:\/\/fundaciograduatssocials.com\/ca\/wp-json\/wp\/v2\/users\/1"}],"replies":[{"embeddable":true,"href":"https:\/\/fundaciograduatssocials.com\/ca\/wp-json\/wp\/v2\/comments?post=3269"}],"version-history":[{"count":1,"href":"https:\/\/fundaciograduatssocials.com\/ca\/wp-json\/wp\/v2\/posts\/3269\/revisions"}],"predecessor-version":[{"id":3270,"href":"https:\/\/fundaciograduatssocials.com\/ca\/wp-json\/wp\/v2\/posts\/3269\/revisions\/3270"}],"wp:attachment":[{"href":"https:\/\/fundaciograduatssocials.com\/ca\/wp-json\/wp\/v2\/media?parent=3269"}],"wp:term":[{"taxonomy":"category","embeddable":true,"href":"https:\/\/fundaciograduatssocials.com\/ca\/wp-json\/wp\/v2\/categories?post=3269"},{"taxonomy":"post_tag","embeddable":true,"href":"https:\/\/fundaciograduatssocials.com\/ca\/wp-json\/wp\/v2\/tags?post=3269"}],"curies":[{"name":"wp","href":"https:\/\/api.w.org\/{rel}","templated":true}]}}